{"id":79080,"date":"2025-05-19T16:05:30","date_gmt":"2025-05-19T19:05:30","guid":{"rendered":"https:\/\/alana.org.br\/?p=79080"},"modified":"2025-08-22T15:54:35","modified_gmt":"2025-08-22T18:54:35","slug":"care-and-protect","status":"publish","type":"post","link":"https:\/\/alana.org.br\/en\/care-and-protect\/","title":{"rendered":"Guide gathers recommendations for the protection of children and adolescents amid the climate crisis"},"content":{"rendered":"\n<p>The material <em>\u201cCare and Protect: Childhoods and Adolescences in Times of Climate Crisis\u201d<\/em> provides recommendations to the child and adolescent protection network, ranging from care in temporary shelters to reporting and communication channels.<\/p>\n\n\n\n<p>In the face of worsening extreme climate events in Brazil and worldwide\u2014such as the floods in Rio Grande do Sul in 2024, which affected millions of people and disrupted access to education, health, and housing\u2014the Alana Institute, in partnership with Conanda (National Council for the Rights of Children and Adolescents) and the Ministry of Human Rights and Citizenship (MDHC), launches the guide <em>\u201c<\/em><a href=\"https:\/\/alana.org.br\/wp-content\/uploads\/2025\/02\/recomendacoes-crise-climatica.pdf\"><em>Care and Protect: Childhoods and Adolescences in Times of Climate Crisis<\/em><\/a><em>.\u201d<\/em> The document seeks to strengthen and expand the reach of Conanda\u2019s <em>\u201c<\/em><a href=\"https:\/\/bit.ly\/recomendacoes-conanda\"><em>Recommendation for the Integral Protection of Children and Adolescents in Situations of Climate Risks and Disasters<\/em><\/a><em>,\u201d<\/em> published in 2024.<\/p>\n\n\n\n<p>The material was presented during the <a href=\"https:\/\/www.gov.br\/mdh\/pt-br\/assuntos\/noticias\/2025\/maio\/mdhc-realiza-semana-nacional-de-enfrentamento-a-violencia-sexual-contra-criancas-e-adolescentes-em-parceria-com-a-sociedade-civil\">National Week to Combat Sexual Violence Against Children and Adolescents<\/a>, held in Bras\u00edlia, in reference to the 25 years of mobilization around May 18th\u2014the National Day to Combat the Abuse and Sexual Exploitation of Children and Adolescents. It offers practical guidelines so that public managers, child protection councilors, and various professionals of the Child and Adolescent Rights Guarantee System (SGDCA) are prepared to face the impacts of the climate crisis with a focus on the comprehensive protection of boys and girls.<\/p>\n\n\n\n<p>\u201cPlacing children and adolescents at the center of public and social policies is essential to ensure that we face climate challenges with justice, equity, and care,\u201d says Ana Claudia Cifali, legal coordinator at the Alana Institute and Conanda councilor. \u201cAs evidenced by the episode in Rio Grande do Sul, civil society mobilization is essential in times of crisis. However, it is crucial that the State be prepared to assume its responsibility in managing these situations, with services and trained professionals ready to provide the necessary assistance and guarantee the full protection of children and adolescents,\u201d she adds.<\/p>\n\n\n\n<h3 class=\"wp-block-heading\"><strong>Guide Recommendations<\/strong><\/h3>\n\n\n\n<p>The document guides, for example, the creation of Protection Committees at state and municipal levels, which should work in partnership with the SGDCA to map needs and coordinate effective responses. It also emphasizes the importance of ensuring adequate working conditions for Child Protection Councils, maintaining the functioning of essential services\u2014such as health, education, and social assistance\u2014and carrying out emergency hiring. The text also proposes the use of resources from the National Fund for Children and Adolescents (FNCA) in disaster contexts, as well as the deployment of national health (SUS) and social assistance (SUAS) teams to support services.<\/p>\n\n\n\n<p>Other key points include attention to the mental health of involved professionals, support for children in situations of orphanhood or disability, the preservation of the right to information and the active participation of children and adolescents in decisions that affect them, in addition to measures such as emergency basic income and family support.<\/p>\n\n\n\n<p>Regarding temporary shelters created in climate emergencies, the publication details minimum conditions to ensure safety, dignity, and care. Conanda recommends, for example, the appointment of technical teams with a constant presence in shelters, the organization of specific spaces for women, children, and adolescents, and the creation of play areas appropriate for childhood. For babies and children up to six years old, diaper-changing stations, breastfeeding areas, and common areas should be provided. Health monitoring, safe identification of children, proper referral of unaccompanied children, and the prevention of all forms of violence\u2014through accessible and reliable reporting channels\u2014are also required.<\/p>\n\n\n\n<h3 class=\"wp-block-heading\"><strong>Public Management Recommendations<\/strong><\/h3>\n\n\n\n<p>The guidelines address the roles of Protection Committees, Child Protection Councils, health professionals, and public security forces. Committees must continuously monitor shelters, map the population served, and organize care and communication flows. Child Protection Councils are advised to create duty schedules, supervise spaces, guarantee priority in their requisitions, and record services in the Child and Adolescent Information System (SIPIA). In health, actions range from prenatal care to vaccination, provision of medicines, and outpatient and hospital care. In the field of public security, the guide recommends the presence of police forces in shelters, guidance to families on the risks of returning to affected areas, and strengthening surveillance against child and adolescent trafficking.<\/p>\n\n\n\n<p>Regarding the juvenile justice and institutional or family care system, the <em>\u201cCare and Protect\u201d<\/em> guide recommends maintaining communication between adolescents and their families, transferring adolescents from units in risk areas, and suspending socio-educational measures in open environments\u2014such as Assisted Freedom and Community Service\u2014during the period of calamity, with later reassessment.<\/p>\n\n\n\n<p>The document also highlights the importance of offering accessible and safe channels for complaints, information, and requests for help. Hotlines such as Disque 100, as well as services via WhatsApp, Telegram, and Brazilian Sign Language (Libras), are pointed out as essential tools. Governments must ensure that this information is widely disseminated and understandable to different audiences, including children and adolescents, with formats adapted to their ages and conditions.<\/p>\n\n\n\n<h3 class=\"wp-block-heading\"><strong>Reporting Channels<\/strong><\/h3>\n\n\n\n<p>Finally, the guide lists the main reporting channels for rights violations, reinforcing that it is the duty of the State to ensure the protection of children and adolescents even in extreme contexts. The publication reaffirms that the climate crisis is also a children\u2019s rights crisis, and that facing it requires coordinated, inclusive, and sensitive actions to multiple vulnerabilities.<\/p>\n\n\n\n<p>The complete guide is available at this <a href=\"https:\/\/bit.ly\/recomendacoes-crise-climatica\">link<\/a>, serving as an urgent call for governments and civil society to act in coordination to build a safer, fairer, and more sustainable present and future for all children and adolescents.<\/p>\n","protected":false},"excerpt":{"rendered":"<p>The material \u201cCare and Protect: Childhoods and Adolescences in Times of Climate Crisis\u201d provides recommendations to the child and adolescent protection network, ranging from care in temporary shelters to reporting and communication channels. In the face of worsening extreme climate events in Brazil and worldwide\u2014such as the floods in Rio Grande do Sul in 2024, [&hellip;]<\/p>\n","protected":false},"author":11,"featured_media":77816,"comment_status":"closed","ping_status":"open","sticky":false,"template":"","format":"standard","meta":{"_acf_changed":false,"inline_featured_image":false,"mc4wp_mailchimp_campaign":[],"footnotes":""},"categories":[690],"tags":[],"class_list":["post-79080","post","type-post","status-publish","format-standard","has-post-thumbnail","hentry","category-news"],"acf":[],"yoast_head":"<!-- This site is optimized with the Yoast SEO plugin v25.6 - https:\/\/yoast.com\/wordpress\/plugins\/seo\/ -->\n<title>Guide gathers recommendations for the protection of children and adolescents amid the climate crisis - Alana<\/title>\n<meta name=\"description\" content=\"The material \u201cCare and Protect: Childhoods and Adolescences in Times of Climate Crisis\u201d provides recommendations to the child and adolescent protection network.\" \/>\n<meta name=\"robots\" content=\"index, follow, max-snippet:-1, max-image-preview:large, max-video-preview:-1\" \/>\n<link rel=\"canonical\" href=\"https:\/\/alana.org.br\/en\/care-and-protect\/\" \/>\n<meta property=\"og:locale\" content=\"en_US\" \/>\n<meta property=\"og:type\" content=\"article\" \/>\n<meta property=\"og:title\" content=\"Guide gathers recommendations for the protection of children and adolescents amid the climate crisis - Alana\" \/>\n<meta property=\"og:description\" content=\"The material \u201cCare and Protect: Childhoods and Adolescences in Times of Climate Crisis\u201d provides recommendations to the child and adolescent protection network.\" \/>\n<meta property=\"og:url\" content=\"https:\/\/alana.org.br\/en\/care-and-protect\/\" \/>\n<meta property=\"og:site_name\" content=\"Alana\" \/>\n<meta property=\"article:published_time\" content=\"2025-05-19T19:05:30+00:00\" \/>\n<meta property=\"article:modified_time\" content=\"2025-08-22T18:54:35+00:00\" \/>\n<meta property=\"og:image\" content=\"https:\/\/alana.org.br\/wp-content\/uploads\/2025\/05\/shutterstock_2544889575-scaled.jpg\" \/>\n\t<meta property=\"og:image:width\" content=\"2560\" \/>\n\t<meta property=\"og:image:height\" content=\"1440\" \/>\n\t<meta property=\"og:image:type\" content=\"image\/jpeg\" \/>\n<meta name=\"author\" content=\"Fernanda Miranda\" \/>\n<meta name=\"twitter:card\" content=\"summary_large_image\" \/>\n<meta name=\"twitter:label1\" content=\"Written by\" \/>\n\t<meta name=\"twitter:data1\" content=\"Fernanda Miranda\" \/>\n\t<meta name=\"twitter:label2\" content=\"Est. reading time\" \/>\n\t<meta name=\"twitter:data2\" content=\"6 minutes\" \/>\n<script type=\"application\/ld+json\" class=\"yoast-schema-graph\">{\"@context\":\"https:\/\/schema.org\",\"@graph\":[{\"@type\":\"Article\",\"@id\":\"https:\/\/alana.org.br\/en\/care-and-protect\/#article\",\"isPartOf\":{\"@id\":\"https:\/\/alana.org.br\/en\/care-and-protect\/\"},\"author\":{\"name\":\"Fernanda Miranda\",\"@id\":\"https:\/\/alana.org.br\/#\/schema\/person\/838cbc9eae0169db96b57177eb02ac16\"},\"headline\":\"Guide gathers recommendations for the protection of children and adolescents amid the climate crisis\",\"datePublished\":\"2025-05-19T19:05:30+00:00\",\"dateModified\":\"2025-08-22T18:54:35+00:00\",\"mainEntityOfPage\":{\"@id\":\"https:\/\/alana.org.br\/en\/care-and-protect\/\"},\"wordCount\":921,\"publisher\":{\"@id\":\"https:\/\/alana.org.br\/#organization\"},\"image\":{\"@id\":\"https:\/\/alana.org.br\/en\/care-and-protect\/#primaryimage\"},\"thumbnailUrl\":\"https:\/\/alana.org.br\/wp-content\/uploads\/2025\/05\/shutterstock_2544889575-scaled.jpg\",\"articleSection\":[\"News\"],\"inLanguage\":\"en-US\"},{\"@type\":\"WebPage\",\"@id\":\"https:\/\/alana.org.br\/en\/care-and-protect\/\",\"url\":\"https:\/\/alana.org.br\/en\/care-and-protect\/\",\"name\":\"Guide gathers recommendations for the protection of children and adolescents amid the climate crisis - Alana\",\"isPartOf\":{\"@id\":\"https:\/\/alana.org.br\/#website\"},\"primaryImageOfPage\":{\"@id\":\"https:\/\/alana.org.br\/en\/care-and-protect\/#primaryimage\"},\"image\":{\"@id\":\"https:\/\/alana.org.br\/en\/care-and-protect\/#primaryimage\"},\"thumbnailUrl\":\"https:\/\/alana.org.br\/wp-content\/uploads\/2025\/05\/shutterstock_2544889575-scaled.jpg\",\"datePublished\":\"2025-05-19T19:05:30+00:00\",\"dateModified\":\"2025-08-22T18:54:35+00:00\",\"description\":\"The material \u201cCare and Protect: Childhoods and Adolescences in Times of Climate Crisis\u201d provides recommendations to the child and adolescent protection network.\",\"breadcrumb\":{\"@id\":\"https:\/\/alana.org.br\/en\/care-and-protect\/#breadcrumb\"},\"inLanguage\":\"en-US\",\"potentialAction\":[{\"@type\":\"ReadAction\",\"target\":[\"https:\/\/alana.org.br\/en\/care-and-protect\/\"]}]},{\"@type\":\"ImageObject\",\"inLanguage\":\"en-US\",\"@id\":\"https:\/\/alana.org.br\/en\/care-and-protect\/#primaryimage\",\"url\":\"https:\/\/alana.org.br\/wp-content\/uploads\/2025\/05\/shutterstock_2544889575-scaled.jpg\",\"contentUrl\":\"https:\/\/alana.org.br\/wp-content\/uploads\/2025\/05\/shutterstock_2544889575-scaled.jpg\",\"width\":2560,\"height\":1440,\"caption\":\"Guia re\u00fane recomenda\u00e7\u00f5es para a prote\u00e7\u00e3o de crian\u00e7as e adolescentes em meio \u00e0 crise clim\u00e1tica: na imagem, crian\u00e7a caminha em um gramado\"},{\"@type\":\"BreadcrumbList\",\"@id\":\"https:\/\/alana.org.br\/en\/care-and-protect\/#breadcrumb\",\"itemListElement\":[{\"@type\":\"ListItem\",\"position\":1,\"name\":\"Home\",\"item\":\"https:\/\/alana.org.br\/en\/\"},{\"@type\":\"ListItem\",\"position\":2,\"name\":\"Guide gathers recommendations for the protection of children and adolescents amid the climate crisis\"}]},{\"@type\":\"WebSite\",\"@id\":\"https:\/\/alana.org.br\/#website\",\"url\":\"https:\/\/alana.org.br\/\",\"name\":\"Alana\",\"description\":\"\",\"publisher\":{\"@id\":\"https:\/\/alana.org.br\/#organization\"},\"potentialAction\":[{\"@type\":\"SearchAction\",\"target\":{\"@type\":\"EntryPoint\",\"urlTemplate\":\"https:\/\/alana.org.br\/?s={search_term_string}\"},\"query-input\":{\"@type\":\"PropertyValueSpecification\",\"valueRequired\":true,\"valueName\":\"search_term_string\"}}],\"inLanguage\":\"en-US\"},{\"@type\":\"Organization\",\"@id\":\"https:\/\/alana.org.br\/#organization\",\"name\":\"Alana\",\"url\":\"https:\/\/alana.org.br\/\",\"logo\":{\"@type\":\"ImageObject\",\"inLanguage\":\"en-US\",\"@id\":\"https:\/\/alana.org.br\/#\/schema\/logo\/image\/\",\"url\":\"https:\/\/alana.org.br\/wp-content\/uploads\/2024\/07\/logo3.png\",\"contentUrl\":\"https:\/\/alana.org.br\/wp-content\/uploads\/2024\/07\/logo3.png\",\"width\":156,\"height\":71,\"caption\":\"Alana\"},\"image\":{\"@id\":\"https:\/\/alana.org.br\/#\/schema\/logo\/image\/\"}},{\"@type\":\"Person\",\"@id\":\"https:\/\/alana.org.br\/#\/schema\/person\/838cbc9eae0169db96b57177eb02ac16\",\"name\":\"Fernanda Miranda\",\"image\":{\"@type\":\"ImageObject\",\"inLanguage\":\"en-US\",\"@id\":\"https:\/\/alana.org.br\/#\/schema\/person\/image\/\",\"url\":\"https:\/\/secure.gravatar.com\/avatar\/0a8e4566b73f5ad800b36ad40d31d9dfebd0ea92abb09b4e73982b4641d97297?s=96&d=mm&r=g\",\"contentUrl\":\"https:\/\/secure.gravatar.com\/avatar\/0a8e4566b73f5ad800b36ad40d31d9dfebd0ea92abb09b4e73982b4641d97297?s=96&d=mm&r=g\",\"caption\":\"Fernanda Miranda\"},\"url\":\"https:\/\/alana.org.br\/en\/author\/fernanda-miranda\/\"}]}<\/script>\n<!-- \/ Yoast SEO plugin. -->","yoast_head_json":{"title":"Guide gathers recommendations for the protection of children and adolescents amid the climate crisis - Alana","description":"The material \u201cCare and Protect: Childhoods and Adolescences in Times of Climate Crisis\u201d provides recommendations to the child and adolescent protection network.","robots":{"index":"index","follow":"follow","max-snippet":"max-snippet:-1","max-image-preview":"max-image-preview:large","max-video-preview":"max-video-preview:-1"},"canonical":"https:\/\/alana.org.br\/en\/care-and-protect\/","og_locale":"en_US","og_type":"article","og_title":"Guide gathers recommendations for the protection of children and adolescents amid the climate crisis - Alana","og_description":"The material \u201cCare and Protect: Childhoods and Adolescences in Times of Climate Crisis\u201d provides recommendations to the child and adolescent protection network.","og_url":"https:\/\/alana.org.br\/en\/care-and-protect\/","og_site_name":"Alana","article_published_time":"2025-05-19T19:05:30+00:00","article_modified_time":"2025-08-22T18:54:35+00:00","og_image":[{"width":2560,"height":1440,"url":"https:\/\/alana.org.br\/wp-content\/uploads\/2025\/05\/shutterstock_2544889575-scaled.jpg","type":"image\/jpeg"}],"author":"Fernanda Miranda","twitter_card":"summary_large_image","twitter_misc":{"Written by":"Fernanda Miranda","Est. reading time":"6 minutes"},"schema":{"@context":"https:\/\/schema.org","@graph":[{"@type":"Article","@id":"https:\/\/alana.org.br\/en\/care-and-protect\/#article","isPartOf":{"@id":"https:\/\/alana.org.br\/en\/care-and-protect\/"},"author":{"name":"Fernanda Miranda","@id":"https:\/\/alana.org.br\/#\/schema\/person\/838cbc9eae0169db96b57177eb02ac16"},"headline":"Guide gathers recommendations for the protection of children and adolescents amid the climate crisis","datePublished":"2025-05-19T19:05:30+00:00","dateModified":"2025-08-22T18:54:35+00:00","mainEntityOfPage":{"@id":"https:\/\/alana.org.br\/en\/care-and-protect\/"},"wordCount":921,"publisher":{"@id":"https:\/\/alana.org.br\/#organization"},"image":{"@id":"https:\/\/alana.org.br\/en\/care-and-protect\/#primaryimage"},"thumbnailUrl":"https:\/\/alana.org.br\/wp-content\/uploads\/2025\/05\/shutterstock_2544889575-scaled.jpg","articleSection":["News"],"inLanguage":"en-US"},{"@type":"WebPage","@id":"https:\/\/alana.org.br\/en\/care-and-protect\/","url":"https:\/\/alana.org.br\/en\/care-and-protect\/","name":"Guide gathers recommendations for the protection of children and adolescents amid the climate crisis - Alana","isPartOf":{"@id":"https:\/\/alana.org.br\/#website"},"primaryImageOfPage":{"@id":"https:\/\/alana.org.br\/en\/care-and-protect\/#primaryimage"},"image":{"@id":"https:\/\/alana.org.br\/en\/care-and-protect\/#primaryimage"},"thumbnailUrl":"https:\/\/alana.org.br\/wp-content\/uploads\/2025\/05\/shutterstock_2544889575-scaled.jpg","datePublished":"2025-05-19T19:05:30+00:00","dateModified":"2025-08-22T18:54:35+00:00","description":"The material \u201cCare and Protect: Childhoods and Adolescences in Times of Climate Crisis\u201d provides recommendations to the child and adolescent protection network.","breadcrumb":{"@id":"https:\/\/alana.org.br\/en\/care-and-protect\/#breadcrumb"},"inLanguage":"en-US","potentialAction":[{"@type":"ReadAction","target":["https:\/\/alana.org.br\/en\/care-and-protect\/"]}]},{"@type":"ImageObject","inLanguage":"en-US","@id":"https:\/\/alana.org.br\/en\/care-and-protect\/#primaryimage","url":"https:\/\/alana.org.br\/wp-content\/uploads\/2025\/05\/shutterstock_2544889575-scaled.jpg","contentUrl":"https:\/\/alana.org.br\/wp-content\/uploads\/2025\/05\/shutterstock_2544889575-scaled.jpg","width":2560,"height":1440,"caption":"Guia re\u00fane recomenda\u00e7\u00f5es para a prote\u00e7\u00e3o de crian\u00e7as e adolescentes em meio \u00e0 crise clim\u00e1tica: na imagem, crian\u00e7a caminha em um gramado"},{"@type":"BreadcrumbList","@id":"https:\/\/alana.org.br\/en\/care-and-protect\/#breadcrumb","itemListElement":[{"@type":"ListItem","position":1,"name":"Home","item":"https:\/\/alana.org.br\/en\/"},{"@type":"ListItem","position":2,"name":"Guide gathers recommendations for the protection of children and adolescents amid the climate crisis"}]},{"@type":"WebSite","@id":"https:\/\/alana.org.br\/#website","url":"https:\/\/alana.org.br\/","name":"Alana","description":"","publisher":{"@id":"https:\/\/alana.org.br\/#organization"},"potentialAction":[{"@type":"SearchAction","target":{"@type":"EntryPoint","urlTemplate":"https:\/\/alana.org.br\/?s={search_term_string}"},"query-input":{"@type":"PropertyValueSpecification","valueRequired":true,"valueName":"search_term_string"}}],"inLanguage":"en-US"},{"@type":"Organization","@id":"https:\/\/alana.org.br\/#organization","name":"Alana","url":"https:\/\/alana.org.br\/","logo":{"@type":"ImageObject","inLanguage":"en-US","@id":"https:\/\/alana.org.br\/#\/schema\/logo\/image\/","url":"https:\/\/alana.org.br\/wp-content\/uploads\/2024\/07\/logo3.png","contentUrl":"https:\/\/alana.org.br\/wp-content\/uploads\/2024\/07\/logo3.png","width":156,"height":71,"caption":"Alana"},"image":{"@id":"https:\/\/alana.org.br\/#\/schema\/logo\/image\/"}},{"@type":"Person","@id":"https:\/\/alana.org.br\/#\/schema\/person\/838cbc9eae0169db96b57177eb02ac16","name":"Fernanda Miranda","image":{"@type":"ImageObject","inLanguage":"en-US","@id":"https:\/\/alana.org.br\/#\/schema\/person\/image\/","url":"https:\/\/secure.gravatar.com\/avatar\/0a8e4566b73f5ad800b36ad40d31d9dfebd0ea92abb09b4e73982b4641d97297?s=96&d=mm&r=g","contentUrl":"https:\/\/secure.gravatar.com\/avatar\/0a8e4566b73f5ad800b36ad40d31d9dfebd0ea92abb09b4e73982b4641d97297?s=96&d=mm&r=g","caption":"Fernanda Miranda"},"url":"https:\/\/alana.org.br\/en\/author\/fernanda-miranda\/"}]}},"_links":{"self":[{"href":"https:\/\/alana.org.br\/en\/wp-json\/wp\/v2\/posts\/79080","targetHints":{"allow":["GET"]}}],"collection":[{"href":"https:\/\/alana.org.br\/en\/wp-json\/wp\/v2\/posts"}],"about":[{"href":"https:\/\/alana.org.br\/en\/wp-json\/wp\/v2\/types\/post"}],"author":[{"embeddable":true,"href":"https:\/\/alana.org.br\/en\/wp-json\/wp\/v2\/users\/11"}],"replies":[{"embeddable":true,"href":"https:\/\/alana.org.br\/en\/wp-json\/wp\/v2\/comments?post=79080"}],"version-history":[{"count":1,"href":"https:\/\/alana.org.br\/en\/wp-json\/wp\/v2\/posts\/79080\/revisions"}],"predecessor-version":[{"id":79081,"href":"https:\/\/alana.org.br\/en\/wp-json\/wp\/v2\/posts\/79080\/revisions\/79081"}],"wp:featuredmedia":[{"embeddable":true,"href":"https:\/\/alana.org.br\/en\/wp-json\/wp\/v2\/media\/77816"}],"wp:attachment":[{"href":"https:\/\/alana.org.br\/en\/wp-json\/wp\/v2\/media?parent=79080"}],"wp:term":[{"taxonomy":"category","embeddable":true,"href":"https:\/\/alana.org.br\/en\/wp-json\/wp\/v2\/categories?post=79080"},{"taxonomy":"post_tag","embeddable":true,"href":"https:\/\/alana.org.br\/en\/wp-json\/wp\/v2\/tags?post=79080"}],"curies":[{"name":"wp","href":"https:\/\/api.w.org\/{rel}","templated":true}]}}