{"id":71492,"date":"2022-11-18T17:08:40","date_gmt":"2022-11-18T20:08:40","guid":{"rendered":"https:\/\/alana.org.br\/?p=66365"},"modified":"2023-11-16T13:15:56","modified_gmt":"2023-11-16T16:15:56","slug":"legal-actions-climate-crisis","status":"publish","type":"post","link":"https:\/\/alana.org.br\/en\/legal-actions-climate-crisis\/","title":{"rendered":"Protecting nature and children: legal actions on the climate crisis in Brazil"},"content":{"rendered":"<p><span style=\"font-weight: 400;\">In recent years, Brazil has seen <a href=\"https:\/\/criancaenatureza.org.br\/clima\/queimadas-desmatamento\/\" target=\"_blank\" rel=\"noopener\">fires and deforestation<\/a> increase at a rapid pace and advance over several biomes. While the inspection agencies, responsible for curbing and preventing these problems, are being dismantled, funds to finance preservation programs are being frozen. This context has led the country to increasingly judicialize the <a href=\"https:\/\/alana.org.br\/en\/climate-justice\/\" target=\"_blank\" rel=\"noopener\">climate crisis<\/a>. That is, both political parties and civil society organizations have filed lawsuits with the Brazilian Supreme Court to try to contain the setbacks in the environmental agenda and protect <a href=\"https:\/\/lunetas.com.br\/festival-crianca-e-natureza\/\" target=\"_blank\" rel=\"noopener\">nature and children<\/a>.<\/span><span style=\"font-weight: 400;\"><br \/>\n<\/span><span style=\"font-weight: 400;\"><br \/>\n<\/span><a href=\"https:\/\/www.youtube.com\/watch?v=6RE7cN1Oi4k\" target=\"_blank\" rel=\"noopener\"><span style=\"font-weight: 400;\">&#8211; See also: Childhoods between screens and nature<\/span><\/a><span style=\"font-weight: 400;\"><br \/>\n<\/span><span style=\"font-weight: 400;\"><br \/>\n<\/span><span style=\"font-weight: 400;\">In 2022, the Brazilian Supreme Court received seven filed actions related to the guarantee of socio-environmental preservation measures, in the so-called &#8220;<a href=\"https:\/\/alana.org.br\/pacote-verde-do-stf\/\" target=\"_blank\" rel=\"noopener\">green package<\/a>&#8220;. The Alana Institute participated in three of these actions as&nbsp;<\/span><i><span style=\"font-weight: 400;\">amicus curiae<\/span><\/i><span style=\"font-weight: 400;\">&nbsp;(friend of the court), with the function of providing subsidies to the ruling body. It brought to the case records the voice of children, who are interested parties because they are part of one of the most vulnerable groups to the effects of <a href=\"https:\/\/alana.org.br\/en\/climate-emergency\/\" target=\"_blank\" rel=\"noopener\">climate emergency<\/a>.<\/span><span style=\"font-weight: 400;\"><br \/>\n<\/span><span style=\"font-weight: 400;\"><br \/>\n<\/span><span style=\"font-weight: 400;\">&#8220;In these more than 400 drawings and letters that we delivered to your Excellencies (Ministers), the children are unanimous in asking that nature be cared for and preserved. For us, from the Alana Institute, protecting nature is taking care of Brazilian children with <a href=\"https:\/\/alana.org.br\/por-um-pais-que-coloque-as-criancas-em-primeiro-lugar\/\" target=\"_blank\" rel=\"noopener\">absolute priority<\/a>&#8220;, stated lawyer Angela Barbarulo, who coordinated the Climate Justice and Socio-Environmental axis of the <a href=\"https:\/\/criancaenatureza.org.br\/\" target=\"_blank\" rel=\"noopener\">Children and Nature program<\/a>, from the Alana Institute, during her oral argument.<\/span><span style=\"font-weight: 400;\"><br \/>\n<\/span><span style=\"font-weight: 400;\"><br \/>\n<\/span><a href=\"https:\/\/criancaenatureza.org.br\/noticias\/fundo-amazonia\/\" target=\"_blank\" rel=\"noopener\"><span style=\"font-weight: 400;\">&#8211; Read also: Children tell the Supreme Court Ministers: give the Amazon a chance!<\/span><\/a><span style=\"font-weight: 400;\"><br \/>\n<\/span><span style=\"font-weight: 400;\"><br \/>\n<\/span><span style=\"font-weight: 400;\">It is unusual for the highest court in the country to docket so many actions on the same topic in a single session, but the severity of the moment demands it. The deforestation rate in the Amazon rose 73% from 2019 to 2021, according to the National Institute for Space Research (Inpe) linked to the Federal Government&#8217;s Ministry of Science, Technology and Innovation. Deforestation and wildfires have intensified, increasing air pollution and climate destabilization.<\/span><span style=\"font-weight: 400;\"><br \/>\n<\/span><span style=\"font-weight: 400;\"><br \/>\n<\/span><span style=\"font-weight: 400;\">According to an <a href=\"https:\/\/oglobo.globo.com\/um-so-planeta\/ibope-para-maioria-esmagadora-de-brasileiros-proteger-meio-ambiente-prioridade-24868947\" target=\"_blank\" rel=\"noopener\">Ibope survey<\/a>, 77% of Brazilians believe that protecting the Amazon should be a priority. By docketing actions related to the environment, the Supreme Court shows that it is connected to the wishes of the country&#8217;s population and becomes an essential institution to curb omissions and pressure governments to protect our environment.<\/span><span style=\"font-weight: 400;\"><br \/>\n<\/span><span style=\"font-weight: 400;\"><br \/>\n<\/span><a href=\"https:\/\/criancaenatureza.org.br\/noticias\/crise-do-clima\/\" target=\"_blank\" rel=\"noopener\"><span style=\"font-weight: 400;\">&#8211; Read also: Is it a climate crisis? Or is it ours?<\/span><\/a><span style=\"font-weight: 400;\"><br \/>\n<\/span><span style=\"font-weight: 400;\"><br \/>\n<\/span><strong>Recover resources from the Amazon Fund and the Climate Fund<br \/>\n<\/strong><span style=\"font-weight: 400;\"><br \/>\n<\/span><span style=\"font-weight: 400;\">One of the lawsuits docketed by the Brazilian Supreme Court deals with investments in defense of the Amazon. A Direct Action of Unconstitutionality by Omission, ADO 59, was filed because the federal government has paralyzed activities and failed to make available the R$1.5 billion in the <a href=\"https:\/\/criancaenatureza.org.br\/noticias\/fundo-amazonia\/\" target=\"_blank\" rel=\"noopener\">Amazon Fund<\/a>, aimed at financing preservation projects in the Legal Amazon.<\/span><span style=\"font-weight: 400;\"><br \/>\n<\/span><span style=\"font-weight: 400;\"><br \/>\n<\/span><span style=\"font-weight: 400;\">The Brazilian government has been making changes to the fund&#8217;s format since 2019, extinguishing the technical and guiding committees and preventing them from acting on new projects. For this reason, <a href=\"https:\/\/portal.stf.jus.br\/noticias\/verNoticiaDetalhe.asp?idConteudo=496461&amp;ori=1\" target=\"_blank\" rel=\"noopener\">Minister Rosa Weber proposed that the Union reactivate the Amazon Fund<\/a> and refrain from making new suspensions. The issue was analyzed this month by the other members of the Court and, <a href=\"https:\/\/www.jota.info\/stf\/do-supremo\/por-10-votos-a-1-stf-determina-reativacao-do-fundo-amazonia-03112022\" target=\"_blank\" rel=\"noopener\">by 10 votes to 1<\/a>, the Ministers determined the resumption of the fund within 60 days.<\/span><span style=\"font-weight: 400;\"><br \/>\n<\/span><span style=\"font-weight: 400;\"><br \/>\n<\/span><span style=\"font-weight: 400;\">Among the actions within the Supreme Court\u2019s green package was also the Argument of Noncompliance with a Fundamental Precept, ADPF 708, which dealt with the non-allocation of resources by the federal government for the National Fund on Climate Change (<a href=\"https:\/\/criancaenatureza.org.br\/clima\/protecao-clima-e-criancas\/\" target=\"_blank\" rel=\"noopener\">Climate Fund<\/a>) since 2019. In July of the current year, <a href=\"https:\/\/portal.stf.jus.br\/noticias\/verNoticiaDetalhe.asp?idConteudo=489997&amp;ori=1\" target=\"_blank\" rel=\"noopener\">the majority of the Supreme Court Ministers prohibited the contingency<\/a> of the fund&#8217;s revenues and determined that the Union must adopt the necessary measures for its operation, with the consequent allocation of resources.<\/span><span style=\"font-weight: 400;\"><br \/>\n<\/span><span style=\"font-weight: 400;\"><br \/>\n<\/span><strong>Deforestation and dismantling of inspection<br \/>\n<\/strong><span style=\"font-weight: 400;\"><br \/>\n<\/span><span style=\"font-weight: 400;\">Deforestation was also brought to trial before the Court. Seven political parties and ten civil society organizations \u2013 among which was the Alana Institute \u2013 jointly filed the ADPF 760 in 2020 to demand from the Court the resumption of compliance with the goals established by national legislation and international agreements undertaken by Brazil on climate change.<\/span><span style=\"font-weight: 400;\"><br \/>\n<\/span><span style=\"font-weight: 400;\"><br \/>\n<\/span><span style=\"font-weight: 400;\">Rapporteur for the case, Minister C\u00e1rmen L\u00facia voted for the Supreme Court to order the Brazilian authorities to present a plan with goals, actions and budgetary allocations to resume environmental control and inspection activities, as well as to combat crimes in the Amazon, by safeguarding the rights of indigenous peoples. But the final ruling on <a href=\"https:\/\/portal.stf.jus.br\/noticias\/verNoticiaDetalhe.asp?idConteudo=484966&amp;ori=1\" target=\"_blank\" rel=\"noopener\">the matter was suspended<\/a> by a request for examination by Minister Andr\u00e9 Mendon\u00e7a.<\/span><span style=\"font-weight: 400;\"><br \/>\n<\/span><span style=\"font-weight: 400;\"><br \/>\n<\/span><strong>The quality standards of the air we breathe<br \/>\n<\/strong><span style=\"font-weight: 400;\"><br \/>\n<\/span><span style=\"font-weight: 400;\">The Direct Action of Unconstitutionality, ADI 6148, was also heard by the Supreme Court. The lawsuit challenges CONAMA Resolution 491 of 2018, which establishes air quality standards. According to the lawsuit, this resolution does not effectively and adequately regulate such standards, being &#8220;vague and permissive&#8221; and leaving unprotected the fundamental rights to environmental information, the ecologically balanced environment, health and, consequently, life.<\/span><span style=\"font-weight: 400;\"><br \/>\n<\/span><span style=\"font-weight: 400;\"><br \/>\n<\/span><span style=\"font-weight: 400;\">The Supreme Court did not recognize the unconstitutionality of the resolution, but determined that CONAMA should update the standard so that it has &#8220;sufficient protective capacity for air quality&#8221; <a href=\"https:\/\/congressoemfoco.uol.com.br\/area\/justica\/stf-declara-resolucao-do-conama-constitucional-mas-determina-atualizacao\/\" target=\"_blank\" rel=\"noopener\">within two years<\/a>. If this update is not done, the country will have to use the air quality standards adopted by the World Health Organization (WHO).<\/span><span style=\"font-weight: 400;\"><br \/>\n<\/span><span style=\"font-weight: 400;\"><br \/>\n<\/span><span style=\"font-weight: 400;\">The Alana Institute, through the Child na Nature program, acted as&nbsp;<\/span><i><span style=\"font-weight: 400;\">amicus curiae<\/span><\/i><span style=\"font-weight: 400;\">&nbsp;in ADPF 760, ADO 59 and ADI 6148.<\/span><span style=\"font-weight: 400;\"><br \/>\n<\/span><span style=\"font-weight: 400;\"><br \/>\n<\/span><a href=\"https:\/\/criancaenatureza.org.br\/noticias\/as-criancas-e-natureza-nas-maos-da-justica\/\" target=\"_blank\" rel=\"noopener\"><span style=\"font-weight: 400;\">&#8211; Read also: Children and nature in the hands of justice<\/span><\/a><span style=\"font-weight: 400;\"><br \/>\n<\/span><span style=\"font-weight: 400;\"><br \/>\n<\/span><strong>Brazil has also judicialized the crisis in the Pantanal<br \/>\n<\/strong><span style=\"font-weight: 400;\"><br \/>\n<\/span><span style=\"font-weight: 400;\">The climate crisis has also been causing imbalances to the <a href=\"https:\/\/lunetas.com.br\/incendios-no-pantanal-criancas-ribeirinhas\/\" target=\"_blank\" rel=\"noopener\">Pantanal<\/a>, an area of 150 thousand square kilometers between the states of Mato Grosso and Mato Grosso do Sul, which is home to the largest floodplain on the planet and represents a complex with great biodiversity. Targeted by <a href=\"https:\/\/lunetas.com.br\/impacto-queimadas-saude-criancas\/\" target=\"_blank\" rel=\"noopener\">fires and burning<\/a>, the Pantanal has also seen its own crisis taken to court.<\/span><span style=\"font-weight: 400;\"><br \/>\n<\/span><span style=\"font-weight: 400;\"><br \/>\n<\/span><span style=\"font-weight: 400;\">In ADPF 857, four political parties are asking for a plan and actions to prevent the fires that occurred in the Pantanal in 2020 from happening again in an aggravated manner. They contend that the fire, besides putting at risk a significant amount of wildlife species, advanced over indigenous lands and caused immense economic, social and public health losses for these peoples. The situation, they argue, violates several constitutional principles.<\/span><span style=\"font-weight: 400;\"><br \/>\n<\/span><span style=\"font-weight: 400;\"><br \/>\n<\/span><span style=\"font-weight: 400;\">There are other lawsuits with similar objectives filed with the Brazilian Supreme Court. ADPF 743 and 746 have also been filed to force the federal government to comply with measures against the advance and the effects of the fires that are affecting the Amazon and the Pantanal wetlands.<\/span><span style=\"font-weight: 400;\"><br \/>\n<\/span><span style=\"font-weight: 400;\"><br \/>\n<\/span><strong>Indigenous health in the pandemic taken to court<br \/>\n<\/strong><span style=\"font-weight: 400;\"><br \/>\n<\/span><span style=\"font-weight: 400;\">Faced with the lack of response from Brazilian institutions and the advance of the Covid-19 pandemic in the country, the need for action to protect indigenous peoples has also been judicialized. The Articulation of the Indigenous Peoples of Brazil (APIB) joined political parties and civil society organizations and filed, with the Supreme Court, ADPF 709 with the aim of confronting the omission of the federal government in combating the pandemic and demanding measures to protect various ethnic groups. The action requested, for instance, the installation of health barriers in territories where isolated or recently contacted peoples live, in order to protect them.<\/span><span style=\"font-weight: 400;\"><br \/>\n<\/span><span style=\"font-weight: 400;\"><br \/>\n<\/span><a href=\"https:\/\/www.facebook.com\/institutoalana\/videos\/741074953040893\/\" target=\"_blank\" rel=\"noopener\"><span style=\"font-weight: 400;\">&#8211; See also: Nature is health during childhood<\/span><\/a><span style=\"font-weight: 400;\"><br \/>\n<\/span><span style=\"font-weight: 400;\"><br \/>\n<\/span><strong>Protecting the environment is protecting the future of children<br \/>\n<\/strong><span style=\"font-weight: 400;\"><br \/>\n<\/span><span style=\"font-weight: 400;\">The socio-environmental and climate mismanagement in Brazil has demanded strong actions from the Justice system, especially to ensure the protection of the rights of those most vulnerable. In this group are children and adolescents, who suffer the effects of climate change in an amplified way.<\/span><span style=\"font-weight: 400;\"><br \/>\n<\/span><span style=\"font-weight: 400;\"><br \/>\n<\/span><span style=\"font-weight: 400;\">The analysis of such actions by the Supreme Court must be based on the rights of children and adolescents foreseen in article 227 of the Brazilian Constitution, which ensures their best interests and the absolute priority of their fundamental rights, as well as in article 225, which endows the right to a balanced environment with the status of a fundamental right. In practice, this means starting from a human rights perspective based on justice, respect for human and non-human life, as well as intergenerational solidarity.<\/span><span style=\"font-weight: 400;\"><br \/>\n<\/span><span style=\"font-weight: 400;\"><br \/>\n<\/span><span style=\"font-weight: 400;\">&#8220;Protecting nature is taking care of Brazilian children, a constitutional duty, a legal rule, imposed on all of us \u2013 families, society, companies and the State \u2013 and, thus, the principle of intergenerational equity must be placed at the center of the debate when we think about our common future,&#8221; stated Angela Barbarulo.<\/span><span style=\"font-weight: 400;\"><br \/>\n<\/span><span style=\"font-weight: 400;\"><br \/>\n<\/span><a href=\"https:\/\/alana.org.br\/en\/children-cop-27\/\" target=\"_blank\" rel=\"noopener\"><span style=\"font-weight: 400;\">&#8211; Read also: Alana brings the reality of childhoods in the face of climate emergency to COP27<\/span><\/a><\/p>\n","protected":false},"excerpt":{"rendered":"<p>In recent years, Brazil has seen fires and deforestation increase at a rapid pace and advance over several biomes. While the inspection agencies, responsible for curbing and preventing these problems, are being dismantled, funds to finance preservation programs are being frozen. This context has led the country to increasingly judicialize the climate crisis. That is, [&hellip;]<\/p>\n","protected":false},"author":11,"featured_media":71913,"comment_status":"open","ping_status":"closed","sticky":false,"template":"","format":"standard","meta":{"_acf_changed":false,"inline_featured_image":false,"mc4wp_mailchimp_campaign":[],"footnotes":""},"categories":[690],"tags":[],"class_list":["post-71492","post","type-post","status-publish","format-standard","has-post-thumbnail","hentry","category-news"],"acf":[],"yoast_head":"<!-- This site is optimized with the Yoast SEO plugin v25.6 - https:\/\/yoast.com\/wordpress\/plugins\/seo\/ -->\n<title>Protecting nature and children: legal actions on the climate crisis in Brazil - Alana<\/title>\n<meta name=\"description\" content=\"Nature and children: the Alana Institute participates in actions filed with the Brazilian Supreme Court to ensure a future for all children\" \/>\n<meta name=\"robots\" content=\"index, follow, max-snippet:-1, max-image-preview:large, max-video-preview:-1\" \/>\n<link rel=\"canonical\" href=\"https:\/\/alana.org.br\/en\/legal-actions-climate-crisis\/\" \/>\n<meta property=\"og:locale\" content=\"en_US\" \/>\n<meta property=\"og:type\" content=\"article\" \/>\n<meta property=\"og:title\" content=\"Protecting nature and children: legal actions on the climate crisis in Brazil - Alana\" \/>\n<meta property=\"og:description\" content=\"Nature and children: the Alana Institute participates in actions filed with the Brazilian Supreme Court to ensure a future for all children\" \/>\n<meta property=\"og:url\" content=\"https:\/\/alana.org.br\/en\/legal-actions-climate-crisis\/\" \/>\n<meta property=\"og:site_name\" content=\"Alana\" \/>\n<meta property=\"article:published_time\" content=\"2022-11-18T20:08:40+00:00\" \/>\n<meta property=\"article:modified_time\" content=\"2023-11-16T16:15:56+00:00\" \/>\n<meta property=\"og:image\" content=\"https:\/\/alana.org.br\/wp-content\/uploads\/2022\/11\/crianca-clima-cop-jpg.webp\" \/>\n\t<meta property=\"og:image:width\" content=\"2560\" \/>\n\t<meta property=\"og:image:height\" content=\"1707\" \/>\n\t<meta property=\"og:image:type\" content=\"image\/jpeg\" \/>\n<meta name=\"author\" content=\"Fernanda Miranda\" \/>\n<meta name=\"twitter:card\" content=\"summary_large_image\" \/>\n<meta name=\"twitter:label1\" content=\"Written by\" \/>\n\t<meta name=\"twitter:data1\" content=\"Fernanda Miranda\" \/>\n\t<meta name=\"twitter:label2\" content=\"Est. reading time\" \/>\n\t<meta name=\"twitter:data2\" content=\"8 minutes\" \/>\n<script type=\"application\/ld+json\" class=\"yoast-schema-graph\">{\"@context\":\"https:\/\/schema.org\",\"@graph\":[{\"@type\":\"Article\",\"@id\":\"https:\/\/alana.org.br\/en\/legal-actions-climate-crisis\/#article\",\"isPartOf\":{\"@id\":\"https:\/\/alana.org.br\/en\/legal-actions-climate-crisis\/\"},\"author\":{\"name\":\"Fernanda Miranda\",\"@id\":\"https:\/\/alana.org.br\/#\/schema\/person\/838cbc9eae0169db96b57177eb02ac16\"},\"headline\":\"Protecting nature and children: legal actions on the climate crisis in Brazil\",\"datePublished\":\"2022-11-18T20:08:40+00:00\",\"dateModified\":\"2023-11-16T16:15:56+00:00\",\"mainEntityOfPage\":{\"@id\":\"https:\/\/alana.org.br\/en\/legal-actions-climate-crisis\/\"},\"wordCount\":1414,\"commentCount\":0,\"publisher\":{\"@id\":\"https:\/\/alana.org.br\/#organization\"},\"image\":{\"@id\":\"https:\/\/alana.org.br\/en\/legal-actions-climate-crisis\/#primaryimage\"},\"thumbnailUrl\":\"https:\/\/alana.org.br\/wp-content\/uploads\/2022\/11\/crianca-clima-cop-jpg.webp\",\"articleSection\":[\"News\"],\"inLanguage\":\"en-US\",\"potentialAction\":[{\"@type\":\"CommentAction\",\"name\":\"Comment\",\"target\":[\"https:\/\/alana.org.br\/en\/legal-actions-climate-crisis\/#respond\"]}]},{\"@type\":\"WebPage\",\"@id\":\"https:\/\/alana.org.br\/en\/legal-actions-climate-crisis\/\",\"url\":\"https:\/\/alana.org.br\/en\/legal-actions-climate-crisis\/\",\"name\":\"Protecting nature and children: legal actions on the climate crisis in Brazil - Alana\",\"isPartOf\":{\"@id\":\"https:\/\/alana.org.br\/#website\"},\"primaryImageOfPage\":{\"@id\":\"https:\/\/alana.org.br\/en\/legal-actions-climate-crisis\/#primaryimage\"},\"image\":{\"@id\":\"https:\/\/alana.org.br\/en\/legal-actions-climate-crisis\/#primaryimage\"},\"thumbnailUrl\":\"https:\/\/alana.org.br\/wp-content\/uploads\/2022\/11\/crianca-clima-cop-jpg.webp\",\"datePublished\":\"2022-11-18T20:08:40+00:00\",\"dateModified\":\"2023-11-16T16:15:56+00:00\",\"description\":\"Nature and children: the Alana Institute participates in actions filed with the Brazilian Supreme Court to ensure a future for all children\",\"breadcrumb\":{\"@id\":\"https:\/\/alana.org.br\/en\/legal-actions-climate-crisis\/#breadcrumb\"},\"inLanguage\":\"en-US\",\"potentialAction\":[{\"@type\":\"ReadAction\",\"target\":[\"https:\/\/alana.org.br\/en\/legal-actions-climate-crisis\/\"]}]},{\"@type\":\"ImageObject\",\"inLanguage\":\"en-US\",\"@id\":\"https:\/\/alana.org.br\/en\/legal-actions-climate-crisis\/#primaryimage\",\"url\":\"https:\/\/alana.org.br\/wp-content\/uploads\/2022\/11\/crianca-clima-cop-jpg.webp\",\"contentUrl\":\"https:\/\/alana.org.br\/wp-content\/uploads\/2022\/11\/crianca-clima-cop-jpg.webp\",\"width\":2560,\"height\":1707,\"caption\":\"Judicializa\u00e7\u00e3o, inf\u00e2ncias e natureza: foto de uma crian\u00e7a desenhando o Planeta Terra com giz, no ch\u00e3o\"},{\"@type\":\"BreadcrumbList\",\"@id\":\"https:\/\/alana.org.br\/en\/legal-actions-climate-crisis\/#breadcrumb\",\"itemListElement\":[{\"@type\":\"ListItem\",\"position\":1,\"name\":\"Home\",\"item\":\"https:\/\/alana.org.br\/en\/\"},{\"@type\":\"ListItem\",\"position\":2,\"name\":\"Protecting nature and children: legal actions on the climate crisis in Brazil\"}]},{\"@type\":\"WebSite\",\"@id\":\"https:\/\/alana.org.br\/#website\",\"url\":\"https:\/\/alana.org.br\/\",\"name\":\"Alana\",\"description\":\"\",\"publisher\":{\"@id\":\"https:\/\/alana.org.br\/#organization\"},\"potentialAction\":[{\"@type\":\"SearchAction\",\"target\":{\"@type\":\"EntryPoint\",\"urlTemplate\":\"https:\/\/alana.org.br\/?s={search_term_string}\"},\"query-input\":{\"@type\":\"PropertyValueSpecification\",\"valueRequired\":true,\"valueName\":\"search_term_string\"}}],\"inLanguage\":\"en-US\"},{\"@type\":\"Organization\",\"@id\":\"https:\/\/alana.org.br\/#organization\",\"name\":\"Alana\",\"url\":\"https:\/\/alana.org.br\/\",\"logo\":{\"@type\":\"ImageObject\",\"inLanguage\":\"en-US\",\"@id\":\"https:\/\/alana.org.br\/#\/schema\/logo\/image\/\",\"url\":\"https:\/\/alana.org.br\/wp-content\/uploads\/2024\/07\/logo3.png\",\"contentUrl\":\"https:\/\/alana.org.br\/wp-content\/uploads\/2024\/07\/logo3.png\",\"width\":156,\"height\":71,\"caption\":\"Alana\"},\"image\":{\"@id\":\"https:\/\/alana.org.br\/#\/schema\/logo\/image\/\"}},{\"@type\":\"Person\",\"@id\":\"https:\/\/alana.org.br\/#\/schema\/person\/838cbc9eae0169db96b57177eb02ac16\",\"name\":\"Fernanda Miranda\",\"image\":{\"@type\":\"ImageObject\",\"inLanguage\":\"en-US\",\"@id\":\"https:\/\/alana.org.br\/#\/schema\/person\/image\/\",\"url\":\"https:\/\/secure.gravatar.com\/avatar\/0a8e4566b73f5ad800b36ad40d31d9dfebd0ea92abb09b4e73982b4641d97297?s=96&d=mm&r=g\",\"contentUrl\":\"https:\/\/secure.gravatar.com\/avatar\/0a8e4566b73f5ad800b36ad40d31d9dfebd0ea92abb09b4e73982b4641d97297?s=96&d=mm&r=g\",\"caption\":\"Fernanda Miranda\"},\"url\":\"https:\/\/alana.org.br\/en\/author\/fernanda-miranda\/\"}]}<\/script>\n<!-- \/ Yoast SEO plugin. -->","yoast_head_json":{"title":"Protecting nature and children: legal actions on the climate crisis in Brazil - Alana","description":"Nature and children: the Alana Institute participates in actions filed with the Brazilian Supreme Court to ensure a future for all children","robots":{"index":"index","follow":"follow","max-snippet":"max-snippet:-1","max-image-preview":"max-image-preview:large","max-video-preview":"max-video-preview:-1"},"canonical":"https:\/\/alana.org.br\/en\/legal-actions-climate-crisis\/","og_locale":"en_US","og_type":"article","og_title":"Protecting nature and children: legal actions on the climate crisis in Brazil - Alana","og_description":"Nature and children: the Alana Institute participates in actions filed with the Brazilian Supreme Court to ensure a future for all children","og_url":"https:\/\/alana.org.br\/en\/legal-actions-climate-crisis\/","og_site_name":"Alana","article_published_time":"2022-11-18T20:08:40+00:00","article_modified_time":"2023-11-16T16:15:56+00:00","og_image":[{"width":2560,"height":1707,"url":"https:\/\/alana.org.br\/wp-content\/uploads\/2022\/11\/crianca-clima-cop-jpg.webp","type":"image\/jpeg"}],"author":"Fernanda Miranda","twitter_card":"summary_large_image","twitter_misc":{"Written by":"Fernanda Miranda","Est. reading time":"8 minutes"},"schema":{"@context":"https:\/\/schema.org","@graph":[{"@type":"Article","@id":"https:\/\/alana.org.br\/en\/legal-actions-climate-crisis\/#article","isPartOf":{"@id":"https:\/\/alana.org.br\/en\/legal-actions-climate-crisis\/"},"author":{"name":"Fernanda Miranda","@id":"https:\/\/alana.org.br\/#\/schema\/person\/838cbc9eae0169db96b57177eb02ac16"},"headline":"Protecting nature and children: legal actions on the climate crisis in Brazil","datePublished":"2022-11-18T20:08:40+00:00","dateModified":"2023-11-16T16:15:56+00:00","mainEntityOfPage":{"@id":"https:\/\/alana.org.br\/en\/legal-actions-climate-crisis\/"},"wordCount":1414,"commentCount":0,"publisher":{"@id":"https:\/\/alana.org.br\/#organization"},"image":{"@id":"https:\/\/alana.org.br\/en\/legal-actions-climate-crisis\/#primaryimage"},"thumbnailUrl":"https:\/\/alana.org.br\/wp-content\/uploads\/2022\/11\/crianca-clima-cop-jpg.webp","articleSection":["News"],"inLanguage":"en-US","potentialAction":[{"@type":"CommentAction","name":"Comment","target":["https:\/\/alana.org.br\/en\/legal-actions-climate-crisis\/#respond"]}]},{"@type":"WebPage","@id":"https:\/\/alana.org.br\/en\/legal-actions-climate-crisis\/","url":"https:\/\/alana.org.br\/en\/legal-actions-climate-crisis\/","name":"Protecting nature and children: legal actions on the climate crisis in Brazil - Alana","isPartOf":{"@id":"https:\/\/alana.org.br\/#website"},"primaryImageOfPage":{"@id":"https:\/\/alana.org.br\/en\/legal-actions-climate-crisis\/#primaryimage"},"image":{"@id":"https:\/\/alana.org.br\/en\/legal-actions-climate-crisis\/#primaryimage"},"thumbnailUrl":"https:\/\/alana.org.br\/wp-content\/uploads\/2022\/11\/crianca-clima-cop-jpg.webp","datePublished":"2022-11-18T20:08:40+00:00","dateModified":"2023-11-16T16:15:56+00:00","description":"Nature and children: the Alana Institute participates in actions filed with the Brazilian Supreme Court to ensure a future for all children","breadcrumb":{"@id":"https:\/\/alana.org.br\/en\/legal-actions-climate-crisis\/#breadcrumb"},"inLanguage":"en-US","potentialAction":[{"@type":"ReadAction","target":["https:\/\/alana.org.br\/en\/legal-actions-climate-crisis\/"]}]},{"@type":"ImageObject","inLanguage":"en-US","@id":"https:\/\/alana.org.br\/en\/legal-actions-climate-crisis\/#primaryimage","url":"https:\/\/alana.org.br\/wp-content\/uploads\/2022\/11\/crianca-clima-cop-jpg.webp","contentUrl":"https:\/\/alana.org.br\/wp-content\/uploads\/2022\/11\/crianca-clima-cop-jpg.webp","width":2560,"height":1707,"caption":"Judicializa\u00e7\u00e3o, inf\u00e2ncias e natureza: foto de uma crian\u00e7a desenhando o Planeta Terra com giz, no ch\u00e3o"},{"@type":"BreadcrumbList","@id":"https:\/\/alana.org.br\/en\/legal-actions-climate-crisis\/#breadcrumb","itemListElement":[{"@type":"ListItem","position":1,"name":"Home","item":"https:\/\/alana.org.br\/en\/"},{"@type":"ListItem","position":2,"name":"Protecting nature and children: legal actions on the climate crisis in Brazil"}]},{"@type":"WebSite","@id":"https:\/\/alana.org.br\/#website","url":"https:\/\/alana.org.br\/","name":"Alana","description":"","publisher":{"@id":"https:\/\/alana.org.br\/#organization"},"potentialAction":[{"@type":"SearchAction","target":{"@type":"EntryPoint","urlTemplate":"https:\/\/alana.org.br\/?s={search_term_string}"},"query-input":{"@type":"PropertyValueSpecification","valueRequired":true,"valueName":"search_term_string"}}],"inLanguage":"en-US"},{"@type":"Organization","@id":"https:\/\/alana.org.br\/#organization","name":"Alana","url":"https:\/\/alana.org.br\/","logo":{"@type":"ImageObject","inLanguage":"en-US","@id":"https:\/\/alana.org.br\/#\/schema\/logo\/image\/","url":"https:\/\/alana.org.br\/wp-content\/uploads\/2024\/07\/logo3.png","contentUrl":"https:\/\/alana.org.br\/wp-content\/uploads\/2024\/07\/logo3.png","width":156,"height":71,"caption":"Alana"},"image":{"@id":"https:\/\/alana.org.br\/#\/schema\/logo\/image\/"}},{"@type":"Person","@id":"https:\/\/alana.org.br\/#\/schema\/person\/838cbc9eae0169db96b57177eb02ac16","name":"Fernanda Miranda","image":{"@type":"ImageObject","inLanguage":"en-US","@id":"https:\/\/alana.org.br\/#\/schema\/person\/image\/","url":"https:\/\/secure.gravatar.com\/avatar\/0a8e4566b73f5ad800b36ad40d31d9dfebd0ea92abb09b4e73982b4641d97297?s=96&d=mm&r=g","contentUrl":"https:\/\/secure.gravatar.com\/avatar\/0a8e4566b73f5ad800b36ad40d31d9dfebd0ea92abb09b4e73982b4641d97297?s=96&d=mm&r=g","caption":"Fernanda Miranda"},"url":"https:\/\/alana.org.br\/en\/author\/fernanda-miranda\/"}]}},"_links":{"self":[{"href":"https:\/\/alana.org.br\/en\/wp-json\/wp\/v2\/posts\/71492","targetHints":{"allow":["GET"]}}],"collection":[{"href":"https:\/\/alana.org.br\/en\/wp-json\/wp\/v2\/posts"}],"about":[{"href":"https:\/\/alana.org.br\/en\/wp-json\/wp\/v2\/types\/post"}],"author":[{"embeddable":true,"href":"https:\/\/alana.org.br\/en\/wp-json\/wp\/v2\/users\/11"}],"replies":[{"embeddable":true,"href":"https:\/\/alana.org.br\/en\/wp-json\/wp\/v2\/comments?post=71492"}],"version-history":[{"count":2,"href":"https:\/\/alana.org.br\/en\/wp-json\/wp\/v2\/posts\/71492\/revisions"}],"predecessor-version":[{"id":71916,"href":"https:\/\/alana.org.br\/en\/wp-json\/wp\/v2\/posts\/71492\/revisions\/71916"}],"wp:featuredmedia":[{"embeddable":true,"href":"https:\/\/alana.org.br\/en\/wp-json\/wp\/v2\/media\/71913"}],"wp:attachment":[{"href":"https:\/\/alana.org.br\/en\/wp-json\/wp\/v2\/media?parent=71492"}],"wp:term":[{"taxonomy":"category","embeddable":true,"href":"https:\/\/alana.org.br\/en\/wp-json\/wp\/v2\/categories?post=71492"},{"taxonomy":"post_tag","embeddable":true,"href":"https:\/\/alana.org.br\/en\/wp-json\/wp\/v2\/tags?post=71492"}],"curies":[{"name":"wp","href":"https:\/\/api.w.org\/{rel}","templated":true}]}}